{"id":9446,"date":"2024-07-07T11:53:12","date_gmt":"2024-07-07T09:53:12","guid":{"rendered":"https:\/\/festivalbucles.com\/rara-avis-bucles-producciones\/"},"modified":"2025-08-18T16:25:35","modified_gmt":"2025-08-18T14:25:35","slug":"rara-avis-bucles-producciones","status":"publish","type":"post","link":"https:\/\/festivalbucles.com\/vl\/produccions-bucles\/rara-avis-bucles-producciones\/","title":{"rendered":"Rara Avis"},"content":{"rendered":"\n<p class=\"has-text-color has-link-color wp-elements-d105a64120fa34dea46b8d3060808b52\" style=\"color:#0031f5;font-size:22px\"><strong>MENCI\u00d3N ESPECIAL EN LA\u00a0LA XXXIII EDICI\u00d3N DE LA MOSTRA D&#8217;ALCOY 2024<\/strong> por su implicaci\u00f3n con el p\u00fablico, el control del espacio y la capacidad para acercar la danza a audiencias m\u00e1s j\u00f3venes.<br\/><br\/><strong>ESPECT\u00c1CULO RECOMENDADO POR LA RED NACIONAL DE TEATROS 2024<\/strong><\/p>\n\n<p style=\"font-size:22px\">Esta proposta ens porta a preguntar-nos sobre els nostres or\u00edgens, les nostres relacions amb l&#8217;\u00e0mbit en el qual naixem, creixem i ens desenvolupem com a part de la terra i els seus costums, aix\u00ed com el llegat cultural que heretem de la nostra fam\u00edlia.<\/p>\n\n<p style=\"font-size:22px\"><mark style=\"background-color:rgba(0, 0, 0, 0);color:#0031f5\" class=\"has-inline-color\"><strong>RARA AVIS <\/strong><\/mark>es una oportunidad para visibilizar una realidad que tiene inexplicablemente todav\u00eda poca presencia en la cultura espa\u00f1ola, la afro descendencia espa\u00f1ola, que crea identidades h\u00edbridas y ayudan a construir sociedades cada vez m\u00e1s transculturales.<\/p>\n\n<p style=\"font-size:22px\">Mostrar esta realidad con naturalidad, como parte que es ya de nuestra sociedad, sin la habitual tendencia de &#8216;cosa extravagante y lejana&#8217; que nos lleva a preguntarnos sobre nuestros or\u00edgenes, nuestras relaciones con el \u00e1mbito en el cual nacemos, crecemos y nos desarrollamos como parte de la tierra y sus costumbres as\u00ed como el legado cultural que heredamos de nuestra familia.<\/p>\n\n<figure class=\"wp-block-gallery has-nested-images columns-3 is-cropped wp-block-gallery-1 is-layout-flex wp-block-gallery-is-layout-flex\">\n<figure class=\"wp-block-image size-large\"><img loading=\"lazy\" decoding=\"async\" width=\"1200\" height=\"800\" data-id=\"9467\" src=\"https:\/\/festivalbucles.com\/wp-content\/uploads\/2024\/07\/RaraAvis-circuito-bucles-jacob-gomez-isabela-alfaro.avif\" alt=\"Rara Avis 4\" class=\"wp-image-9467\" srcset=\"https:\/\/festivalbucles.com\/wp-content\/uploads\/2024\/07\/RaraAvis-circuito-bucles-jacob-gomez-isabela-alfaro.avif 1200w, https:\/\/festivalbucles.com\/wp-content\/uploads\/2024\/07\/RaraAvis-circuito-bucles-jacob-gomez-isabela-alfaro-768x512.avif 768w, https:\/\/festivalbucles.com\/wp-content\/uploads\/2024\/07\/RaraAvis-circuito-bucles-jacob-gomez-isabela-alfaro-391x260.avif 391w, https:\/\/festivalbucles.com\/wp-content\/uploads\/2024\/07\/RaraAvis-circuito-bucles-jacob-gomez-isabela-alfaro-1080x720.avif 1080w, https:\/\/festivalbucles.com\/wp-content\/uploads\/2024\/07\/RaraAvis-circuito-bucles-jacob-gomez-isabela-alfaro-980x653.avif 980w, https:\/\/festivalbucles.com\/wp-content\/uploads\/2024\/07\/RaraAvis-circuito-bucles-jacob-gomez-isabela-alfaro-480x320.avif 480w\" sizes=\"(max-width: 1200px) 100vw, 1200px\" \/><\/figure>\n\n\n\n<figure class=\"wp-block-image size-large\"><img loading=\"lazy\" decoding=\"async\" width=\"1200\" height=\"800\" data-id=\"9819\" src=\"https:\/\/festivalbucles.com\/wp-content\/uploads\/2024\/07\/circuito-bucles-jacob-gomez-cccc-rara-avis-Brava-Estudio-3.avif\" alt=\"Rara Avis 3\" class=\"wp-image-9819\" srcset=\"https:\/\/festivalbucles.com\/wp-content\/uploads\/2024\/07\/circuito-bucles-jacob-gomez-cccc-rara-avis-Brava-Estudio-3.avif 1200w, https:\/\/festivalbucles.com\/wp-content\/uploads\/2024\/07\/circuito-bucles-jacob-gomez-cccc-rara-avis-Brava-Estudio-3-768x512.avif 768w, https:\/\/festivalbucles.com\/wp-content\/uploads\/2024\/07\/circuito-bucles-jacob-gomez-cccc-rara-avis-Brava-Estudio-3-391x260.avif 391w, https:\/\/festivalbucles.com\/wp-content\/uploads\/2024\/07\/circuito-bucles-jacob-gomez-cccc-rara-avis-Brava-Estudio-3-1080x720.avif 1080w, https:\/\/festivalbucles.com\/wp-content\/uploads\/2024\/07\/circuito-bucles-jacob-gomez-cccc-rara-avis-Brava-Estudio-3-980x653.avif 980w, https:\/\/festivalbucles.com\/wp-content\/uploads\/2024\/07\/circuito-bucles-jacob-gomez-cccc-rara-avis-Brava-Estudio-3-480x320.avif 480w\" sizes=\"(max-width: 1200px) 100vw, 1200px\" \/><\/figure>\n\n\n\n<figure class=\"wp-block-image size-large\"><img loading=\"lazy\" decoding=\"async\" width=\"1200\" height=\"800\" data-id=\"9823\" src=\"https:\/\/festivalbucles.com\/wp-content\/uploads\/2024\/07\/circuito-bucles-jacob-gomez-cccc-rara-avis-Brava-Estudio-5.avif\" alt=\"Rara Avis 5\" class=\"wp-image-9823\" srcset=\"https:\/\/festivalbucles.com\/wp-content\/uploads\/2024\/07\/circuito-bucles-jacob-gomez-cccc-rara-avis-Brava-Estudio-5.avif 1200w, https:\/\/festivalbucles.com\/wp-content\/uploads\/2024\/07\/circuito-bucles-jacob-gomez-cccc-rara-avis-Brava-Estudio-5-768x512.avif 768w, https:\/\/festivalbucles.com\/wp-content\/uploads\/2024\/07\/circuito-bucles-jacob-gomez-cccc-rara-avis-Brava-Estudio-5-391x260.avif 391w, https:\/\/festivalbucles.com\/wp-content\/uploads\/2024\/07\/circuito-bucles-jacob-gomez-cccc-rara-avis-Brava-Estudio-5-1080x720.avif 1080w, https:\/\/festivalbucles.com\/wp-content\/uploads\/2024\/07\/circuito-bucles-jacob-gomez-cccc-rara-avis-Brava-Estudio-5-980x653.avif 980w, https:\/\/festivalbucles.com\/wp-content\/uploads\/2024\/07\/circuito-bucles-jacob-gomez-cccc-rara-avis-Brava-Estudio-5-480x320.avif 480w\" sizes=\"(max-width: 1200px) 100vw, 1200px\" \/><\/figure>\n\n\n\n<figure class=\"wp-block-image size-large\"><img loading=\"lazy\" decoding=\"async\" width=\"1200\" height=\"800\" data-id=\"9827\" src=\"https:\/\/festivalbucles.com\/wp-content\/uploads\/2024\/07\/circuito-bucles-jacob-gomez-cccc-rara-avis-Brava-Estudio.avif\" alt=\"Rara Avis\" class=\"wp-image-9827\" srcset=\"https:\/\/festivalbucles.com\/wp-content\/uploads\/2024\/07\/circuito-bucles-jacob-gomez-cccc-rara-avis-Brava-Estudio.avif 1200w, https:\/\/festivalbucles.com\/wp-content\/uploads\/2024\/07\/circuito-bucles-jacob-gomez-cccc-rara-avis-Brava-Estudio-768x512.avif 768w, https:\/\/festivalbucles.com\/wp-content\/uploads\/2024\/07\/circuito-bucles-jacob-gomez-cccc-rara-avis-Brava-Estudio-391x260.avif 391w, https:\/\/festivalbucles.com\/wp-content\/uploads\/2024\/07\/circuito-bucles-jacob-gomez-cccc-rara-avis-Brava-Estudio-1080x720.avif 1080w, https:\/\/festivalbucles.com\/wp-content\/uploads\/2024\/07\/circuito-bucles-jacob-gomez-cccc-rara-avis-Brava-Estudio-980x653.avif 980w, https:\/\/festivalbucles.com\/wp-content\/uploads\/2024\/07\/circuito-bucles-jacob-gomez-cccc-rara-avis-Brava-Estudio-480x320.avif 480w\" sizes=\"(max-width: 1200px) 100vw, 1200px\" \/><\/figure>\n\n\n\n<figure class=\"wp-block-image size-large\"><img loading=\"lazy\" decoding=\"async\" width=\"1200\" height=\"800\" data-id=\"9465\" src=\"https:\/\/festivalbucles.com\/wp-content\/uploads\/2024\/07\/Rara-Avis-circuitobucles-isabela-alfaro-jacob-gomez.avif\" alt=\"Rara Avis 3\" class=\"wp-image-9465\" srcset=\"https:\/\/festivalbucles.com\/wp-content\/uploads\/2024\/07\/Rara-Avis-circuitobucles-isabela-alfaro-jacob-gomez.avif 1200w, https:\/\/festivalbucles.com\/wp-content\/uploads\/2024\/07\/Rara-Avis-circuitobucles-isabela-alfaro-jacob-gomez-768x512.avif 768w, https:\/\/festivalbucles.com\/wp-content\/uploads\/2024\/07\/Rara-Avis-circuitobucles-isabela-alfaro-jacob-gomez-391x260.avif 391w, https:\/\/festivalbucles.com\/wp-content\/uploads\/2024\/07\/Rara-Avis-circuitobucles-isabela-alfaro-jacob-gomez-1080x720.avif 1080w, https:\/\/festivalbucles.com\/wp-content\/uploads\/2024\/07\/Rara-Avis-circuitobucles-isabela-alfaro-jacob-gomez-980x653.avif 980w, https:\/\/festivalbucles.com\/wp-content\/uploads\/2024\/07\/Rara-Avis-circuitobucles-isabela-alfaro-jacob-gomez-480x320.avif 480w\" sizes=\"(max-width: 1200px) 100vw, 1200px\" \/><\/figure>\n\n\n\n<figure class=\"wp-block-image size-large\"><img loading=\"lazy\" decoding=\"async\" width=\"1200\" height=\"800\" data-id=\"9463\" src=\"https:\/\/festivalbucles.com\/wp-content\/uploads\/2024\/07\/Rara-Avis-circuito-bucles-isabela-alfaro-jacob-gomez.avif\" alt=\"Rara Avis 2\" class=\"wp-image-9463\" srcset=\"https:\/\/festivalbucles.com\/wp-content\/uploads\/2024\/07\/Rara-Avis-circuito-bucles-isabela-alfaro-jacob-gomez.avif 1200w, https:\/\/festivalbucles.com\/wp-content\/uploads\/2024\/07\/Rara-Avis-circuito-bucles-isabela-alfaro-jacob-gomez-768x512.avif 768w, https:\/\/festivalbucles.com\/wp-content\/uploads\/2024\/07\/Rara-Avis-circuito-bucles-isabela-alfaro-jacob-gomez-391x260.avif 391w, https:\/\/festivalbucles.com\/wp-content\/uploads\/2024\/07\/Rara-Avis-circuito-bucles-isabela-alfaro-jacob-gomez-1080x720.avif 1080w, https:\/\/festivalbucles.com\/wp-content\/uploads\/2024\/07\/Rara-Avis-circuito-bucles-isabela-alfaro-jacob-gomez-980x653.avif 980w, https:\/\/festivalbucles.com\/wp-content\/uploads\/2024\/07\/Rara-Avis-circuito-bucles-isabela-alfaro-jacob-gomez-480x320.avif 480w\" sizes=\"(max-width: 1200px) 100vw, 1200px\" \/><\/figure>\n\n\n\n<figure class=\"wp-block-image size-large\"><img loading=\"lazy\" decoding=\"async\" width=\"1200\" height=\"800\" data-id=\"9821\" src=\"https:\/\/festivalbucles.com\/wp-content\/uploads\/2024\/07\/circuito-bucles-jacob-gomez-cccc-rara-avis-Brava-Estudio-4.avif\" alt=\"Rara Avis 4\" class=\"wp-image-9821\" srcset=\"https:\/\/festivalbucles.com\/wp-content\/uploads\/2024\/07\/circuito-bucles-jacob-gomez-cccc-rara-avis-Brava-Estudio-4.avif 1200w, https:\/\/festivalbucles.com\/wp-content\/uploads\/2024\/07\/circuito-bucles-jacob-gomez-cccc-rara-avis-Brava-Estudio-4-768x512.avif 768w, https:\/\/festivalbucles.com\/wp-content\/uploads\/2024\/07\/circuito-bucles-jacob-gomez-cccc-rara-avis-Brava-Estudio-4-391x260.avif 391w, https:\/\/festivalbucles.com\/wp-content\/uploads\/2024\/07\/circuito-bucles-jacob-gomez-cccc-rara-avis-Brava-Estudio-4-1080x720.avif 1080w, https:\/\/festivalbucles.com\/wp-content\/uploads\/2024\/07\/circuito-bucles-jacob-gomez-cccc-rara-avis-Brava-Estudio-4-980x653.avif 980w, https:\/\/festivalbucles.com\/wp-content\/uploads\/2024\/07\/circuito-bucles-jacob-gomez-cccc-rara-avis-Brava-Estudio-4-480x320.avif 480w\" sizes=\"(max-width: 1200px) 100vw, 1200px\" \/><\/figure>\n\n\n\n<figure class=\"wp-block-image size-large\"><img loading=\"lazy\" decoding=\"async\" width=\"1200\" height=\"801\" data-id=\"9825\" src=\"https:\/\/festivalbucles.com\/wp-content\/uploads\/2024\/07\/circuito-bucles-jacob-gomez-cccc-rara-avis-Brava-Estudio-6.avif\" alt=\"Rara Avis 6\" class=\"wp-image-9825\" srcset=\"https:\/\/festivalbucles.com\/wp-content\/uploads\/2024\/07\/circuito-bucles-jacob-gomez-cccc-rara-avis-Brava-Estudio-6.avif 1200w, https:\/\/festivalbucles.com\/wp-content\/uploads\/2024\/07\/circuito-bucles-jacob-gomez-cccc-rara-avis-Brava-Estudio-6-768x513.avif 768w, https:\/\/festivalbucles.com\/wp-content\/uploads\/2024\/07\/circuito-bucles-jacob-gomez-cccc-rara-avis-Brava-Estudio-6-391x260.avif 391w, https:\/\/festivalbucles.com\/wp-content\/uploads\/2024\/07\/circuito-bucles-jacob-gomez-cccc-rara-avis-Brava-Estudio-6-1080x721.avif 1080w, https:\/\/festivalbucles.com\/wp-content\/uploads\/2024\/07\/circuito-bucles-jacob-gomez-cccc-rara-avis-Brava-Estudio-6-980x654.avif 980w, https:\/\/festivalbucles.com\/wp-content\/uploads\/2024\/07\/circuito-bucles-jacob-gomez-cccc-rara-avis-Brava-Estudio-6-480x320.avif 480w\" sizes=\"(max-width: 1200px) 100vw, 1200px\" \/><\/figure>\n<\/figure>\n\n<div style=\"height:20px\" aria-hidden=\"true\" class=\"wp-block-spacer\"><\/div>\n\n<p style=\"font-size:22px\"><mark style=\"background-color:rgba(0, 0, 0, 0);color:#0031f5\" class=\"has-inline-color\">Direcci\u00f3n del Proyecto y Coordinaci\u00f3n Art\u00edstica:<\/mark> Isabela Alfaro \/ <mark style=\"background-color:rgba(0, 0, 0, 0);color:#0031f5\" class=\"has-inline-color\">Direcci\u00f3n Art\u00edstica y Coreogr\u00e1fica:<\/mark> Jacob Gomez \/ <mark style=\"background-color:rgba(0, 0, 0, 0);color:#0031f5\" class=\"has-inline-color\">Asistente Coreogr\u00e1fica:<\/mark> Lara Miso \/ <mark style=\"background-color:rgba(0, 0, 0, 0);color:#0031f5\" class=\"has-inline-color\">Int\u00e9rpretes:<\/mark> Adri\u00e1n Ros, Elton Luis, Cristina Reolid, Wilma Puentes \/ <mark style=\"background-color:rgba(0, 0, 0, 0);color:#0031f5\" class=\"has-inline-color\">M\u00fasica: <\/mark>Pablo Barrios, Ricardo Palacios \/<mark style=\"background-color:rgba(0, 0, 0, 0);color:#fe14ff\" class=\"has-inline-color\"> <\/mark><mark style=\"background-color:rgba(0, 0, 0, 0);color:#0031f5\" class=\"has-inline-color\">Vestuario:<\/mark> Eva Cruz \/ <mark style=\"background-color:rgba(0, 0, 0, 0);color:#0031f5\" class=\"has-inline-color\">Audiovisual:<\/mark> MementoNet \/<mark style=\"background-color:rgba(0, 0, 0, 0);color:#0031f5\" class=\"has-inline-color\"> Comunicaci\u00f3n:<\/mark> Adenty \/ <mark style=\"background-color:rgba(0, 0, 0, 0);color:#0031f5\" class=\"has-inline-color\">Alumnos en Pr\u00e1cticas: <\/mark>Sabela Ribes, Karen Rojas, Lara Monferrer, Celia Sierra \/<\/p>\n\n<p class=\"has-black-color has-text-color has-link-color wp-elements-f6367304b35f7fcfffffd25f636bf65e\" style=\"font-size:22px\"><mark style=\"background-color:rgba(0, 0, 0, 0);color:#0031f5\" class=\"has-inline-color\">Con el apoyo de:<\/mark><strong> <\/strong>el Ayuntamiento de Valencia, Centro de Carme, Cultura Contempor\u00e1nea, Espai LaGranja<\/p>\n<p><iframe loading=\"lazy\" src=\"https:\/\/player.vimeo.com\/video\/946535428?h=8fdf4ab1c6\" width=\"640\" height=\"272\" frameborder=\"0\" allow=\"autoplay; fullscreen; picture-in-picture\" allowfullscreen><\/iframe><\/p>\n<p><a href=\"https:\/\/vimeo.com\/946535428\" rel=\"nofollow noopener\" target=\"_blank\">Rara Avis &#8211; Teaser<\/a> from <a href=\"https:\/\/vimeo.com\/user219685944\" rel=\"nofollow noopener\" target=\"_blank\">Festival Bucles<\/a> on <a href=\"https:\/\/vimeo.com\" rel=\"nofollow noopener\" target=\"_blank\">Vimeo<\/a>.<\/p>\n","protected":false},"excerpt":{"rendered":"<p>MENCI\u00d3N ESPECIAL EN LA\u00a0LA XXXIII EDICI\u00d3N DE LA MOSTRA D&#8217;ALCOY 2024 por su implicaci\u00f3n con el p\u00fablico, el control del espacio y la capacidad para acercar la danza a audiencias m\u00e1s j\u00f3venes. ESPECT\u00c1CULO RECOMENDADO POR LA RED NACIONAL DE TEATROS 2024 Esta proposta ens porta a preguntar-nos sobre els nostres or\u00edgens, les nostres relacions amb [&hellip;]<\/p>\n","protected":false},"author":1,"featured_media":12591,"comment_status":"closed","ping_status":"closed","sticky":false,"template":"","format":"standard","meta":{"_et_pb_use_builder":"","_et_pb_old_content":"","_et_gb_content_width":"","inline_featured_image":false,"footnotes":""},"categories":[200],"tags":[],"class_list":["post-9446","post","type-post","status-publish","format-standard","has-post-thumbnail","hentry","category-produccions-bucles"],"_links":{"self":[{"href":"https:\/\/festivalbucles.com\/vl\/wp-json\/wp\/v2\/posts\/9446","targetHints":{"allow":["GET"]}}],"collection":[{"href":"https:\/\/festivalbucles.com\/vl\/wp-json\/wp\/v2\/posts"}],"about":[{"href":"https:\/\/festivalbucles.com\/vl\/wp-json\/wp\/v2\/types\/post"}],"author":[{"embeddable":true,"href":"https:\/\/festivalbucles.com\/vl\/wp-json\/wp\/v2\/users\/1"}],"replies":[{"embeddable":true,"href":"https:\/\/festivalbucles.com\/vl\/wp-json\/wp\/v2\/comments?post=9446"}],"version-history":[{"count":8,"href":"https:\/\/festivalbucles.com\/vl\/wp-json\/wp\/v2\/posts\/9446\/revisions"}],"predecessor-version":[{"id":16508,"href":"https:\/\/festivalbucles.com\/vl\/wp-json\/wp\/v2\/posts\/9446\/revisions\/16508"}],"wp:featuredmedia":[{"embeddable":true,"href":"https:\/\/festivalbucles.com\/vl\/wp-json\/wp\/v2\/media\/12591"}],"wp:attachment":[{"href":"https:\/\/festivalbucles.com\/vl\/wp-json\/wp\/v2\/media?parent=9446"}],"wp:term":[{"taxonomy":"category","embeddable":true,"href":"https:\/\/festivalbucles.com\/vl\/wp-json\/wp\/v2\/categories?post=9446"},{"taxonomy":"post_tag","embeddable":true,"href":"https:\/\/festivalbucles.com\/vl\/wp-json\/wp\/v2\/tags?post=9446"}],"curies":[{"name":"wp","href":"https:\/\/api.w.org\/{rel}","templated":true}]}}