{"id":8164,"date":"2024-05-21T20:47:37","date_gmt":"2024-05-21T18:47:37","guid":{"rendered":"https:\/\/festivalbucles.com\/sobre-rara-avis\/"},"modified":"2025-08-18T16:20:25","modified_gmt":"2025-08-18T14:20:25","slug":"sobre-rara-avis","status":"publish","type":"post","link":"https:\/\/festivalbucles.com\/vl\/convocatories\/sobre-rara-avis\/","title":{"rendered":"Sobre \u00abRara Avis\u00bb"},"content":{"rendered":"\n<p>Per primera vegada a la Comunitat Valenciana un festival d\u2019arts esc\u00e8niques dedica una edici\u00f3 a incloure m\u00e9s de 10 propostes en les quals els\/as artistes son africans\/as o afrodescendents.<\/p>\n\n<p>Quin imaginari tenim en occident de les cultures africanes? Coneixem la seua diversitat i la seua contemporane\u00eftat, la seua barreja cultural amb expressions culturals europees i americanes? Coneixem les influ\u00e8ncies negres en el flamenc? Des d\u2019occident nom\u00e9s coneixem \u00c0frica com un continent, emmarcat les seves cultures nom\u00e9s en aspectes folkl\u00f2rics. Les danses <em>Coup\u00e9<\/em>-Decal\u00e9, Kuduro, Azonto i la dansa contempor\u00e0nia surgida en pa\u00efsos de la regi\u00f3 Oest d\u2019\u00c0frica, com el Senegal i Costa d\u2019Ivori tenen el sincretisme i la pot\u00e8ncia de la barreja de cultures: occidentals i africanes.<\/p>\n\n<p>El Festival Circuit Bucles. Premi AVETID al millor projecte d\u2019arts esc\u00e8niques 2021, vol fomentar la reflexi\u00f3 sobre el nostre desconeixement de les cultures tradicionals i contempor\u00e0nies africanes i de les seves influ\u00e8ncies en expressions culturals del territori espanyol com el flamenc, aix\u00ed com contribuir a l\u2019acostament a les mateixes de la ciutadania i l\u2019entramat de la dansa valenciana.<\/p>\n\n<p>Cada edici\u00f3 del festival suposa un desafiament nou, una revisi\u00f3 del seu model i format amb la finalitat d\u2019enriquir-ho amb noves f\u00f3rmules de participaci\u00f3 per a acostar la dansa a tota mena de p\u00fablic. Espectacles atractius i innovadors, per promocionar i donar impuls a les companyies i artistes de la Comunitat Valenciana afavorint intercanvis amb companyies nacionals i internacionals.<\/p>\n\n<p>Per a aquesta XI Edici\u00f3 2023 el lema pren com a inspiraci\u00f3 el continent d\u2019\u00c0frica i la bellesa de l\u2019ancestral, la connexi\u00f3 amb la terra i la naturalesa. Rara Avis ser\u00e0 el t\u00edtol d\u2019aquesta edici\u00f3, per a aix\u00ed aproximar-nos a la cultura africana que inclou una \u00e0mplia varietat d\u2019expressions art\u00edstiques, creences, rituals i costums des de l\u2019antiguitat fins als nostres dies.<\/p>\n\n<p>Inusual, \u00fanic i excepcional. Pr\u00f2xim i desconegut alhora.<\/p>\n\n<p>Una programaci\u00f3 en la qual es combinen propostes valencianes, nacionals i internacionals per a celebrar la seua singularitat, independentment del seu origen cultural i aix\u00ed promoure una comprensi\u00f3 m\u00e9s profunda de la tradici\u00f3, i diversitat, fomentant el di\u00e0leg intercultural entre els participants i els assistents de l\u2019esdeveniment.<\/p>\n\n<p>Una oportunitat per a descobrir i apreciar la diversitat i singularitat de cadascuna d\u2019elles.<\/p>\n\n<div style=\"height:100px\" aria-hidden=\"true\" class=\"wp-block-spacer\"><\/div>\n","protected":false},"excerpt":{"rendered":"<p>Per primera vegada a la Comunitat Valenciana un festival d\u2019arts esc\u00e8niques dedica una edici\u00f3 a incloure m\u00e9s de 10 propostes en les quals els\/as artistes son africans\/as o afrodescendents. Quin imaginari tenim en occident de les cultures africanes? Coneixem la seua diversitat i la seua contemporane\u00eftat, la seua barreja cultural amb expressions culturals europees i [&hellip;]<\/p>\n","protected":false},"author":1,"featured_media":8165,"comment_status":"closed","ping_status":"closed","sticky":false,"template":"","format":"standard","meta":{"_et_pb_use_builder":"off","_et_pb_old_content":"","_et_gb_content_width":"","inline_featured_image":false,"footnotes":""},"categories":[30],"tags":[],"class_list":["post-8164","post","type-post","status-publish","format-standard","has-post-thumbnail","hentry","category-convocatories"],"_links":{"self":[{"href":"https:\/\/festivalbucles.com\/vl\/wp-json\/wp\/v2\/posts\/8164","targetHints":{"allow":["GET"]}}],"collection":[{"href":"https:\/\/festivalbucles.com\/vl\/wp-json\/wp\/v2\/posts"}],"about":[{"href":"https:\/\/festivalbucles.com\/vl\/wp-json\/wp\/v2\/types\/post"}],"author":[{"embeddable":true,"href":"https:\/\/festivalbucles.com\/vl\/wp-json\/wp\/v2\/users\/1"}],"replies":[{"embeddable":true,"href":"https:\/\/festivalbucles.com\/vl\/wp-json\/wp\/v2\/comments?post=8164"}],"version-history":[{"count":1,"href":"https:\/\/festivalbucles.com\/vl\/wp-json\/wp\/v2\/posts\/8164\/revisions"}],"predecessor-version":[{"id":8166,"href":"https:\/\/festivalbucles.com\/vl\/wp-json\/wp\/v2\/posts\/8164\/revisions\/8166"}],"wp:featuredmedia":[{"embeddable":true,"href":"https:\/\/festivalbucles.com\/vl\/wp-json\/wp\/v2\/media\/8165"}],"wp:attachment":[{"href":"https:\/\/festivalbucles.com\/vl\/wp-json\/wp\/v2\/media?parent=8164"}],"wp:term":[{"taxonomy":"category","embeddable":true,"href":"https:\/\/festivalbucles.com\/vl\/wp-json\/wp\/v2\/categories?post=8164"},{"taxonomy":"post_tag","embeddable":true,"href":"https:\/\/festivalbucles.com\/vl\/wp-json\/wp\/v2\/tags?post=8164"}],"curies":[{"name":"wp","href":"https:\/\/api.w.org\/{rel}","templated":true}]}}