{"id":20430,"date":"2024-11-11T12:41:38","date_gmt":"2024-11-11T11:41:38","guid":{"rendered":"https:\/\/festivalbucles.com\/novetats\/flama-beat\/"},"modified":"2026-07-17T12:35:38","modified_gmt":"2026-07-17T10:35:38","slug":"flama-beat","status":"publish","type":"post","link":"https:\/\/festivalbucles.com\/vl\/produccions-bucles\/flama-beat\/","title":{"rendered":"FLAMA BEAT"},"content":{"rendered":"\n<p class=\"wp-block-paragraph\"><strong><mark style=\"background-color:rgba(0, 0, 0, 0);color:#0031f5\" class=\"has-inline-color\">FLAMA BEAT<\/mark> <\/strong>\u00e9s una performance que fusiona i explora els diferents beats entorn de la tradici\u00f3 folkl\u00f2rica i el moviment techno que va tindre lloc en els anys 90 a Val\u00e8ncia.<\/p>\n\n<p class=\"wp-block-paragraph\">Una combinaci\u00f3 explosiva interpretada pel grup de <strong>Danses de Sant Vicent Ferrer<\/strong> i la m\u00fasica de <strong>Luc\u00eda Gea.<\/strong><\/p>\n\n<div class=\"wp-block-group is-nowrap is-layout-flex wp-container-core-group-is-layout-7387b849 wp-block-group-is-layout-flex\">\n<figure class=\"wp-block-image size-full\"><img fetchpriority=\"high\" decoding=\"async\" width=\"2560\" height=\"1708\" src=\"https:\/\/festivalbucles.com\/wp-content\/uploads\/2024\/11\/BUCLES_fina-03176-2-scaled.jpg\" alt=\"\" class=\"wp-image-12620\" title=\"\" srcset=\"https:\/\/festivalbucles.com\/wp-content\/uploads\/2024\/11\/BUCLES_fina-03176-2-scaled.jpg 2560w, https:\/\/festivalbucles.com\/wp-content\/uploads\/2024\/11\/BUCLES_fina-03176-2-768x513.jpg 768w, https:\/\/festivalbucles.com\/wp-content\/uploads\/2024\/11\/BUCLES_fina-03176-2-391x260.jpg 391w, https:\/\/festivalbucles.com\/wp-content\/uploads\/2024\/11\/BUCLES_fina-03176-2-1536x1025.jpg 1536w, https:\/\/festivalbucles.com\/wp-content\/uploads\/2024\/11\/BUCLES_fina-03176-2-2048x1367.jpg 2048w, https:\/\/festivalbucles.com\/wp-content\/uploads\/2024\/11\/BUCLES_fina-03176-2-1080x721.jpg 1080w, https:\/\/festivalbucles.com\/wp-content\/uploads\/2024\/11\/BUCLES_fina-03176-2-1280x854.jpg 1280w, https:\/\/festivalbucles.com\/wp-content\/uploads\/2024\/11\/BUCLES_fina-03176-2-980x654.jpg 980w, https:\/\/festivalbucles.com\/wp-content\/uploads\/2024\/11\/BUCLES_fina-03176-2-480x320.jpg 480w\" sizes=\"(max-width: 2560px) 100vw, 2560px\" \/><\/figure>\n\n\n\n<figure class=\"wp-block-image size-full\"><img decoding=\"async\" width=\"2560\" height=\"1708\" src=\"https:\/\/festivalbucles.com\/wp-content\/uploads\/2024\/11\/BUCLES_fina-03183-scaled.jpg\" alt=\"\" class=\"wp-image-12622\" title=\"\" srcset=\"https:\/\/festivalbucles.com\/wp-content\/uploads\/2024\/11\/BUCLES_fina-03183-scaled.jpg 2560w, https:\/\/festivalbucles.com\/wp-content\/uploads\/2024\/11\/BUCLES_fina-03183-768x513.jpg 768w, https:\/\/festivalbucles.com\/wp-content\/uploads\/2024\/11\/BUCLES_fina-03183-391x260.jpg 391w, https:\/\/festivalbucles.com\/wp-content\/uploads\/2024\/11\/BUCLES_fina-03183-1536x1025.jpg 1536w, https:\/\/festivalbucles.com\/wp-content\/uploads\/2024\/11\/BUCLES_fina-03183-2048x1367.jpg 2048w, https:\/\/festivalbucles.com\/wp-content\/uploads\/2024\/11\/BUCLES_fina-03183-1080x721.jpg 1080w, https:\/\/festivalbucles.com\/wp-content\/uploads\/2024\/11\/BUCLES_fina-03183-1280x854.jpg 1280w, https:\/\/festivalbucles.com\/wp-content\/uploads\/2024\/11\/BUCLES_fina-03183-980x654.jpg 980w, https:\/\/festivalbucles.com\/wp-content\/uploads\/2024\/11\/BUCLES_fina-03183-480x320.jpg 480w\" sizes=\"(max-width: 2560px) 100vw, 2560px\" \/><\/figure>\n<\/div>\n\n<p class=\"wp-block-paragraph\"><\/p>\n\n<div class=\"wp-block-group is-layout-grid wp-container-core-group-is-layout-5a23bf8e wp-block-group-is-layout-grid\">\n<figure class=\"wp-block-image size-full wp-container-content-e29552f7\"><img decoding=\"async\" width=\"2560\" height=\"1709\" src=\"https:\/\/festivalbucles.com\/wp-content\/uploads\/2024\/11\/2210-S-162-5-scaled.jpg\" alt=\"\" class=\"wp-image-12648\" title=\"\" srcset=\"https:\/\/festivalbucles.com\/wp-content\/uploads\/2024\/11\/2210-S-162-5-scaled.jpg 2560w, https:\/\/festivalbucles.com\/wp-content\/uploads\/2024\/11\/2210-S-162-5-768x513.jpg 768w, https:\/\/festivalbucles.com\/wp-content\/uploads\/2024\/11\/2210-S-162-5-391x260.jpg 391w, https:\/\/festivalbucles.com\/wp-content\/uploads\/2024\/11\/2210-S-162-5-1536x1025.jpg 1536w, https:\/\/festivalbucles.com\/wp-content\/uploads\/2024\/11\/2210-S-162-5-2048x1367.jpg 2048w, https:\/\/festivalbucles.com\/wp-content\/uploads\/2024\/11\/2210-S-162-5-1080x721.jpg 1080w\" sizes=\"(max-width: 2560px) 100vw, 2560px\" \/><\/figure>\n\n\n\n<figure class=\"wp-block-image size-full wp-container-content-e29552f7\"><img loading=\"lazy\" decoding=\"async\" width=\"2560\" height=\"1708\" src=\"https:\/\/festivalbucles.com\/wp-content\/uploads\/2024\/11\/image.jpeg\" alt=\"La imagen tiene un atributo ALT vac&#xED;o; su nombre de archivo es BUCLES_fina-03192-2-scaled.jpg\" class=\"wp-image-12663\" title=\"\" srcset=\"https:\/\/festivalbucles.com\/wp-content\/uploads\/2024\/11\/image.jpeg 2560w, https:\/\/festivalbucles.com\/wp-content\/uploads\/2024\/11\/image-768x512.jpeg 768w, https:\/\/festivalbucles.com\/wp-content\/uploads\/2024\/11\/image-391x260.jpeg 391w, https:\/\/festivalbucles.com\/wp-content\/uploads\/2024\/11\/image-1536x1025.jpeg 1536w, https:\/\/festivalbucles.com\/wp-content\/uploads\/2024\/11\/image-2048x1366.jpeg 2048w, https:\/\/festivalbucles.com\/wp-content\/uploads\/2024\/11\/image-1080x721.jpeg 1080w, https:\/\/festivalbucles.com\/wp-content\/uploads\/2024\/11\/image-1280x854.jpeg 1280w, https:\/\/festivalbucles.com\/wp-content\/uploads\/2024\/11\/image-980x654.jpeg 980w, https:\/\/festivalbucles.com\/wp-content\/uploads\/2024\/11\/image-480x320.jpeg 480w\" sizes=\"(max-width: 2560px) 100vw, 2560px\" \/><\/figure>\n<\/div>\n\n<hr class=\"wp-block-separator alignwide has-text-color has-alpha-channel-opacity has-background is-style-wide\" style=\"background-color:#0031f5;color:#0031f5\"\/>\n\n<p class=\"wp-block-paragraph\"><strong><mark style=\"background-color:rgba(0, 0, 0, 0);color:#0031f5\" class=\"has-inline-color\">Direcci\u00f3 art\u00edstica:<\/mark><\/strong> Isabela Alfaro \/ <mark style=\"background-color:rgba(0, 0, 0, 0);color:#0031f5\" class=\"has-inline-color\"><strong>Coreografia:<\/strong> <\/mark>Esther Zazo y los bailarines del grupo de Danzas de San Vicente Ferrer \/ <mark style=\"background-color:rgba(0, 0, 0, 0);color:#0031f5\" class=\"has-inline-color\"><strong>Composici\u00f3 musical:<\/strong> <\/mark>Luc\u00eda Gea<\/p>\n","protected":false},"excerpt":{"rendered":"<p>FLAMA BEAT \u00e9s una performance que fusiona i explora els diferents beats entorn de la tradici\u00f3 folkl\u00f2rica i el moviment techno que va tindre lloc en els anys 90 a Val\u00e8ncia. Una combinaci\u00f3 explosiva interpretada pel grup de Danses de Sant Vicent Ferrer i la m\u00fasica de Luc\u00eda Gea. Direcci\u00f3 art\u00edstica: Isabela Alfaro \/ Coreografia: [&hellip;]<\/p>\n","protected":false},"author":1,"featured_media":11519,"comment_status":"closed","ping_status":"","sticky":false,"template":"","format":"standard","meta":{"footnotes":""},"categories":[200],"tags":[816,817,819],"class_list":["post-20430","post","type-post","status-publish","format-standard","has-post-thumbnail","hentry","category-produccions-bucles","tag-folklore-vl","tag-performance-vl","tag-techno-vl"],"_links":{"self":[{"href":"https:\/\/festivalbucles.com\/vl\/wp-json\/wp\/v2\/posts\/20430","targetHints":{"allow":["GET"]}}],"collection":[{"href":"https:\/\/festivalbucles.com\/vl\/wp-json\/wp\/v2\/posts"}],"about":[{"href":"https:\/\/festivalbucles.com\/vl\/wp-json\/wp\/v2\/types\/post"}],"author":[{"embeddable":true,"href":"https:\/\/festivalbucles.com\/vl\/wp-json\/wp\/v2\/users\/1"}],"replies":[{"embeddable":true,"href":"https:\/\/festivalbucles.com\/vl\/wp-json\/wp\/v2\/comments?post=20430"}],"version-history":[{"count":0,"href":"https:\/\/festivalbucles.com\/vl\/wp-json\/wp\/v2\/posts\/20430\/revisions"}],"wp:featuredmedia":[{"embeddable":true,"href":"https:\/\/festivalbucles.com\/vl\/wp-json\/wp\/v2\/media\/11519"}],"wp:attachment":[{"href":"https:\/\/festivalbucles.com\/vl\/wp-json\/wp\/v2\/media?parent=20430"}],"wp:term":[{"taxonomy":"category","embeddable":true,"href":"https:\/\/festivalbucles.com\/vl\/wp-json\/wp\/v2\/categories?post=20430"},{"taxonomy":"post_tag","embeddable":true,"href":"https:\/\/festivalbucles.com\/vl\/wp-json\/wp\/v2\/tags?post=20430"}],"curies":[{"name":"wp","href":"https:\/\/api.w.org\/{rel}","templated":true}]}}