{"id":20416,"date":"2024-07-09T08:00:04","date_gmt":"2024-07-09T06:00:04","guid":{"rendered":"https:\/\/festivalbucles.com\/novetats\/cia-kiko-lopez-residencia-tecnica-sala-carme-teatre\/"},"modified":"2026-07-17T12:10:14","modified_gmt":"2026-07-17T10:10:14","slug":"cia-kiko-lopez-residencia-tecnica-sala-carme-teatre","status":"publish","type":"post","link":"https:\/\/festivalbucles.com\/vl\/residencies-tecniques-2024\/cia-kiko-lopez-residencia-tecnica-sala-carme-teatre\/","title":{"rendered":"Cia. Kiko L\u00f3pez &#8211; Resid\u00e8ncia T\u00e8cnica en la sala Carme Teatre"},"content":{"rendered":"\n<h2 class=\"wp-block-heading\">SR. W (DOBLE U) <\/h2>\n\n<p class=\"wp-block-paragraph\">Qu\u00e8 ocorre dins del Sr. W? <\/p>\n\n<p class=\"wp-block-paragraph\">Un viatge emocional i po\u00e8tic a trav\u00e9s de la vida d&#8217;un anci\u00e0, qui, en els seus \u00faltims moments de llum, reviu els seus records, emocions i experi\u00e8ncies a trav\u00e9s de la creaci\u00f3 d&#8217;un *alter-ego encarnat en un llum.<\/p>\n\n<p class=\"wp-block-paragraph\">Este alter-ego, dotat de fragilitat, curiositat, tendresa, por i innoc\u00e8ncia, guia al Sr.W a rec\u00f3rrer els passatges de la seua vida, des de la inf\u00e0ncia fins a la vellesa, enfrontant-ho a la import\u00e0ncia de la connexi\u00f3 amb la innoc\u00e8ncia perduda.<\/p>\n\n<figure class=\"wp-block-embed is-type-video is-provider-vimeo wp-block-embed-vimeo wp-embed-aspect-16-9 wp-has-aspect-ratio\"><div class=\"wp-block-embed__wrapper\">\n<iframe title=\"SR.W (DOBLE U)_Teaser\" src=\"https:\/\/player.vimeo.com\/video\/802132109?dnt=1&amp;app_id=122963\" width=\"800\" height=\"450\" frameborder=\"0\" allow=\"autoplay; fullscreen; picture-in-picture; clipboard-write; encrypted-media; web-share\" referrerpolicy=\"strict-origin-when-cross-origin\"><\/iframe>\n<\/div><\/figure>\n\n<p class=\"wp-block-paragraph\"><strong>Idea, creaci\u00f3 i interpretaci\u00f3: <\/strong>Kiko L\u00f3pez \/ <strong>Dramaturgia: <\/strong> Kiko L\u00f3pez y Jos\u00e9 Pujades \/ <strong>M\u00fasica: <\/strong>Jorge Da Rocha \/ <strong>Idea esc\u00e8nica:<\/strong> Kiko L\u00f3pez y Oriol Garriga \/ <strong>Diseny d\u00b4Il\u00b7luminaci\u00f3: <\/strong>Jordi Perez (LightinLab Immersive <strong>Technology) \/ Escenografia: <\/strong>Los Reyes del Mambo i Aina Garriga.\/ <strong>Creaci\u00f3 M\u00e0scares: <\/strong>Marc Atelier y Oriol Garriga \/ <strong>Colaboraci\u00f3 especial: <\/strong>Zero en Conducta, Marta Hern\u00e0ndez, y Oriol Casals \/ <strong>Mirada externa:<\/strong> Susanna Ayllon, Anna Llombart, Cristina burgos y Olga Llad\u00f3 \/ <strong>V\u00eddeo:<\/strong> Marc Costa \/ <strong>Fotografia:<\/strong> Tania Palomeque \/ <strong>Col\u00b7labora: <\/strong>L\u2019Estruch F\u00e1brica de Creaci\u00f3 les Arts en Viu, Centre NunArt Guinard\u00f3, Centro Coreogr\u00e1fico La Gomera y Espai LaGranja.       <\/p>\n\n<p class=\"wp-block-paragraph\">@kikotet @cia.kikolopez<\/p>\n","protected":false},"excerpt":{"rendered":"<p>SR. W (DOBLE U) Qu\u00e8 ocorre dins del Sr. W? Un viatge emocional i po\u00e8tic a trav\u00e9s de la vida d&#8217;un anci\u00e0, qui, en els seus \u00faltims moments de llum, reviu els seus records, emocions i experi\u00e8ncies a trav\u00e9s de la creaci\u00f3 d&#8217;un *alter-ego encarnat en un llum. Este alter-ego, dotat de fragilitat, curiositat, tendresa, [&hellip;]<\/p>\n","protected":false},"author":1,"featured_media":9547,"comment_status":"closed","ping_status":"","sticky":false,"template":"","format":"standard","meta":{"footnotes":""},"categories":[491],"tags":[],"class_list":["post-20416","post","type-post","status-publish","format-standard","has-post-thumbnail","hentry","category-residencies-tecniques-2024"],"_links":{"self":[{"href":"https:\/\/festivalbucles.com\/vl\/wp-json\/wp\/v2\/posts\/20416","targetHints":{"allow":["GET"]}}],"collection":[{"href":"https:\/\/festivalbucles.com\/vl\/wp-json\/wp\/v2\/posts"}],"about":[{"href":"https:\/\/festivalbucles.com\/vl\/wp-json\/wp\/v2\/types\/post"}],"author":[{"embeddable":true,"href":"https:\/\/festivalbucles.com\/vl\/wp-json\/wp\/v2\/users\/1"}],"replies":[{"embeddable":true,"href":"https:\/\/festivalbucles.com\/vl\/wp-json\/wp\/v2\/comments?post=20416"}],"version-history":[{"count":0,"href":"https:\/\/festivalbucles.com\/vl\/wp-json\/wp\/v2\/posts\/20416\/revisions"}],"wp:featuredmedia":[{"embeddable":true,"href":"https:\/\/festivalbucles.com\/vl\/wp-json\/wp\/v2\/media\/9547"}],"wp:attachment":[{"href":"https:\/\/festivalbucles.com\/vl\/wp-json\/wp\/v2\/media?parent=20416"}],"wp:term":[{"taxonomy":"category","embeddable":true,"href":"https:\/\/festivalbucles.com\/vl\/wp-json\/wp\/v2\/categories?post=20416"},{"taxonomy":"post_tag","embeddable":true,"href":"https:\/\/festivalbucles.com\/vl\/wp-json\/wp\/v2\/tags?post=20416"}],"curies":[{"name":"wp","href":"https:\/\/api.w.org\/{rel}","templated":true}]}}