{"id":20411,"date":"2025-09-09T20:19:00","date_gmt":"2025-09-09T18:19:00","guid":{"rendered":"https:\/\/festivalbucles.com\/novetats\/eva\/"},"modified":"2026-08-01T13:44:54","modified_gmt":"2026-08-01T11:44:54","slug":"eva","status":"publish","type":"post","link":"https:\/\/festivalbucles.com\/vl\/produccions-bucles\/eva\/","title":{"rendered":"EVA"},"content":{"rendered":"\n<p class=\"wp-block-paragraph\"><strong>Eva no pertany a Ad\u00e1n. Eva es pertany a si mateixa. <\/strong><\/p>\n\n<p class=\"wp-block-paragraph\">Esta creaci\u00f3 esc\u00e8nica reescriu el mite de l&#8217;origen des d&#8217;una mirada contempor\u00e0nia i emancipadora.<\/p>\n\n<p class=\"wp-block-paragraph\">Dos Evas. Dos cossos que encarnen la multiplicitat del femen\u00ed: arrel i revoluci\u00f3, contradicci\u00f3 i desig, for\u00e7a individual i sostingues col\u00b7lectiu.<br\/>Juntes inauguren un nou principi nascut no del sacrifici, sin\u00f3 de l\u2019autonomia. <\/p>\n\n<p class=\"wp-block-paragraph\">La trena que les unix travessa generacions: mem\u00f2ria, her\u00e8ncia i transformaci\u00f3. El que un dia va ser s\u00edmbol d&#8217;obedi\u00e8ncia, hui es convertix en ferramenta de creaci\u00f3 i canvi. <\/p>\n\n<p class=\"wp-block-paragraph\">A trav\u00e9s del moviment, l&#8217;escolta i la sororitat, els seus cossos desafien l&#8217;impost i celebren noves maneres d&#8217;habitar el m\u00f3n.<\/p>\n\n<p class=\"wp-block-paragraph\"><strong>Una pe\u00e7a que convida a desaccelerar i obrir espai a un temps m\u00e9s sensible i conscient.<\/strong><\/p>\n\n<div style=\"height:10px\" aria-hidden=\"true\" class=\"wp-block-spacer\"><\/div>\n\n<hr class=\"wp-block-separator has-text-color has-alpha-channel-opacity has-background is-style-wide\" style=\"background-color:#fd7163;color:#fd7163\"\/>\n\n<div style=\"height:10px\" aria-hidden=\"true\" class=\"wp-block-spacer\"><\/div>\n\n<div style=\"height:10px\" aria-hidden=\"true\" class=\"wp-block-spacer\"><\/div>\n\n<p class=\"wp-block-paragraph\"><strong>Direcci\u00f3 Art\u00edstica: <\/strong>Isabela Alfaro<strong> \/ Coreografia:<\/strong> Isabela Alfaro en col\u00b7laboraci\u00f3 amb les ballarines<strong> \/ Ballarines<\/strong>: Lara Miso, Wilma Puentes \/ <strong>Mirada Externa<\/strong>: Jessica Mart\u00edn \/ <strong>Vestuari i Estilisme:<\/strong> Eva Cruz, Am\u00e9rica Rivas\/ <strong>Versi\u00f3 Sala<\/strong> &#8211; <strong>Realitat Inmersiva:<\/strong> Lauren Moffatt \/ <strong>Colaboraci\u00f3: <\/strong>Bombas Gens<\/p>\n\n<div style=\"height:10px\" aria-hidden=\"true\" class=\"wp-block-spacer\"><\/div>\n\n<figure class=\"wp-block-embed is-type-video is-provider-youtube wp-block-embed-youtube wp-embed-aspect-16-9 wp-has-aspect-ratio\"><div class=\"wp-block-embed__wrapper\">\n<iframe title=\"EVA de Producciones Bucles en Festival DAMA 2026\" width=\"800\" height=\"450\" src=\"https:\/\/www.youtube.com\/embed\/Zf8YuaKGi6M?feature=oembed\" frameborder=\"0\" allow=\"accelerometer; autoplay; clipboard-write; encrypted-media; gyroscope; picture-in-picture; web-share\" referrerpolicy=\"strict-origin-when-cross-origin\" allowfullscreen><\/iframe>\n<\/div><\/figure>\n\n<p class=\"wp-block-paragraph\"><\/p>\n\n<p class=\"wp-block-paragraph\"><\/p>\n\n<figure class=\"wp-block-gallery has-nested-images columns-default is-cropped wp-block-gallery-1 is-layout-flex wp-block-gallery-is-layout-flex\">\n<figure class=\"wp-block-image size-large\"><img decoding=\"async\" data-id=\"17328\" src=\"https:\/\/festivalbucles.com\/wp-content\/uploads\/2025\/09\/3Eva.jpg\" alt=\"\" class=\"wp-image-17328\" title=\"\"><\/figure>\n\n\n\n<figure class=\"wp-block-image size-large\"><img decoding=\"async\" data-id=\"17327\" src=\"https:\/\/festivalbucles.com\/wp-content\/uploads\/2025\/09\/4Eva.jpg\" alt=\"\" class=\"wp-image-17327\" title=\"\"><\/figure>\n\n\n\n<figure class=\"wp-block-image size-large\"><img decoding=\"async\" data-id=\"17329\" src=\"https:\/\/festivalbucles.com\/wp-content\/uploads\/2025\/09\/5Eva.jpg\" alt=\"\" class=\"wp-image-17329\" title=\"\"><\/figure>\n\n\n\n<figure class=\"wp-block-image size-large\"><img decoding=\"async\" data-id=\"17337\" src=\"https:\/\/festivalbucles.com\/wp-content\/uploads\/2025\/09\/7Eva-1.jpg\" alt=\"\" class=\"wp-image-17337\" title=\"\"><\/figure>\n\n\n\n<figure class=\"wp-block-image size-large\"><img decoding=\"async\" data-id=\"17330\" src=\"https:\/\/festivalbucles.com\/wp-content\/uploads\/2025\/09\/8Eva.jpg\" alt=\"\" class=\"wp-image-17330\" title=\"\"><\/figure>\n\n\n\n<figure class=\"wp-block-image size-large\"><img decoding=\"async\" data-id=\"17332\" src=\"https:\/\/festivalbucles.com\/wp-content\/uploads\/2025\/09\/9Eva.jpg\" alt=\"\" class=\"wp-image-17332\" title=\"\"><\/figure>\n\n\n\n<figure class=\"wp-block-image size-large\"><img decoding=\"async\" data-id=\"17336\" src=\"https:\/\/festivalbucles.com\/wp-content\/uploads\/2025\/09\/12Eva.jpg\" alt=\"\" class=\"wp-image-17336\" title=\"\"><\/figure>\n\n\n\n<figure class=\"wp-block-image size-large\"><img decoding=\"async\" data-id=\"17335\" src=\"https:\/\/festivalbucles.com\/wp-content\/uploads\/2025\/09\/14Eva.jpg\" alt=\"\" class=\"wp-image-17335\" title=\"\"><\/figure>\n\n\n\n<figure class=\"wp-block-image size-large\"><img decoding=\"async\" data-id=\"17333\" src=\"https:\/\/festivalbucles.com\/wp-content\/uploads\/2025\/09\/15Eva.jpg\" alt=\"\" class=\"wp-image-17333\" title=\"\"><\/figure>\n\n\n\n<figure class=\"wp-block-image size-large\"><img decoding=\"async\" data-id=\"17334\" src=\"https:\/\/festivalbucles.com\/wp-content\/uploads\/2025\/09\/16Eva.jpg\" alt=\"\" class=\"wp-image-17334\" title=\"\"><\/figure>\n\n\n\n<figure class=\"wp-block-image size-large\"><img decoding=\"async\" data-id=\"17326\" src=\"https:\/\/festivalbucles.com\/wp-content\/uploads\/2025\/09\/producciones_bucles_eva_isabela_alfaro.jpg\" alt=\"\" class=\"wp-image-17326\" title=\"\"><\/figure>\n<\/figure>\n","protected":false},"excerpt":{"rendered":"<p>Eva no pertany a Ad\u00e1n. Eva es pertany a si mateixa. Esta creaci\u00f3 esc\u00e8nica reescriu el mite de l&#8217;origen des d&#8217;una mirada contempor\u00e0nia i emancipadora. Dos Evas. Dos cossos que encarnen la multiplicitat del femen\u00ed: arrel i revoluci\u00f3, contradicci\u00f3 i desig, for\u00e7a individual i sostingues col\u00b7lectiu.Juntes inauguren un nou principi nascut no del sacrifici, sin\u00f3 [&hellip;]<\/p>\n","protected":false},"author":1,"featured_media":20184,"comment_status":"closed","ping_status":"","sticky":false,"template":"","format":"standard","meta":{"footnotes":""},"categories":[200],"tags":[],"class_list":["post-20411","post","type-post","status-publish","format-standard","has-post-thumbnail","hentry","category-produccions-bucles"],"_links":{"self":[{"href":"https:\/\/festivalbucles.com\/vl\/wp-json\/wp\/v2\/posts\/20411","targetHints":{"allow":["GET"]}}],"collection":[{"href":"https:\/\/festivalbucles.com\/vl\/wp-json\/wp\/v2\/posts"}],"about":[{"href":"https:\/\/festivalbucles.com\/vl\/wp-json\/wp\/v2\/types\/post"}],"author":[{"embeddable":true,"href":"https:\/\/festivalbucles.com\/vl\/wp-json\/wp\/v2\/users\/1"}],"replies":[{"embeddable":true,"href":"https:\/\/festivalbucles.com\/vl\/wp-json\/wp\/v2\/comments?post=20411"}],"version-history":[{"count":0,"href":"https:\/\/festivalbucles.com\/vl\/wp-json\/wp\/v2\/posts\/20411\/revisions"}],"wp:featuredmedia":[{"embeddable":true,"href":"https:\/\/festivalbucles.com\/vl\/wp-json\/wp\/v2\/media\/20184"}],"wp:attachment":[{"href":"https:\/\/festivalbucles.com\/vl\/wp-json\/wp\/v2\/media?parent=20411"}],"wp:term":[{"taxonomy":"category","embeddable":true,"href":"https:\/\/festivalbucles.com\/vl\/wp-json\/wp\/v2\/categories?post=20411"},{"taxonomy":"post_tag","embeddable":true,"href":"https:\/\/festivalbucles.com\/vl\/wp-json\/wp\/v2\/tags?post=20411"}],"curies":[{"name":"wp","href":"https:\/\/api.w.org\/{rel}","templated":true}]}}