{"id":20397,"date":"2024-03-08T18:06:24","date_gmt":"2024-03-08T17:06:24","guid":{"rendered":"https:\/\/festivalbucles.com\/novetats\/bases-convocatoria-graners-de-creacio-bucles-inestable-24\/"},"modified":"2026-07-15T18:17:03","modified_gmt":"2026-07-15T16:17:03","slug":"bases-convocatoria-graners-de-creacio-bucles-inestable-24","status":"publish","type":"post","link":"https:\/\/festivalbucles.com\/vl\/novetats\/bases-convocatoria-graners-de-creacio-bucles-inestable-24\/","title":{"rendered":"Bases Per a la Convocat\u00f2ria Graners De Creaci\u00f3 Bucles \u00ac Inestable 24"},"content":{"rendered":"\n<div class=\"wp-block-columns is-layout-flex wp-container-core-columns-is-layout-7387b849 wp-block-columns-is-layout-flex\">\n<div class=\"wp-block-column is-layout-flow wp-block-column-is-layout-flow\">\n<figure class=\"wp-block-image aligncenter size-full is-resized\"><img fetchpriority=\"high\" decoding=\"async\" width=\"600\" height=\"404\" src=\"https:\/\/festivalbucles.com\/wp-content\/uploads\/2024\/03\/Logo-Graners.jpeg\" alt=\"\" class=\"wp-image-4588\" style=\"width:150px\" title=\"\" srcset=\"https:\/\/festivalbucles.com\/wp-content\/uploads\/2024\/03\/Logo-Graners.jpeg 600w, https:\/\/festivalbucles.com\/wp-content\/uploads\/2024\/03\/Logo-Graners-480x323.jpeg 480w\" sizes=\"(max-width: 600px) 100vw, 600px\" \/><\/figure>\n<\/div>\n\n\n\n<div class=\"wp-block-column is-layout-flow wp-block-column-is-layout-flow\" style=\"flex-basis:500px\">\n<div style=\"height:16px\" aria-hidden=\"true\" class=\"wp-block-spacer\"><\/div>\n\n\n\n<figure class=\"wp-block-image size-full\"><img decoding=\"async\" width=\"800\" height=\"101\" src=\"https:\/\/festivalbucles.com\/wp-content\/uploads\/2024\/03\/Logo-Bucles-2.jpeg\" alt=\"Logo Bucles\" class=\"wp-image-4592\" style=\"object-fit:cover\" title=\"\" srcset=\"https:\/\/festivalbucles.com\/wp-content\/uploads\/2024\/03\/Logo-Bucles-2.jpeg 800w, https:\/\/festivalbucles.com\/wp-content\/uploads\/2024\/03\/Logo-Bucles-2-768x97.jpeg 768w, https:\/\/festivalbucles.com\/wp-content\/uploads\/2024\/03\/Logo-Bucles-2-480x61.jpeg 480w\" sizes=\"(max-width: 800px) 100vw, 800px\" \/><\/figure>\n<\/div>\n\n\n\n<div class=\"wp-block-column is-layout-flow wp-block-column-is-layout-flow\">\n<figure class=\"wp-block-image aligncenter size-full is-resized\"><img decoding=\"async\" width=\"600\" height=\"404\" src=\"https:\/\/festivalbucles.com\/wp-content\/uploads\/2024\/03\/logo-inestable.jpeg\" alt=\"\" class=\"wp-image-4589\" style=\"width:150px\" title=\"\" srcset=\"https:\/\/festivalbucles.com\/wp-content\/uploads\/2024\/03\/logo-inestable.jpeg 600w, https:\/\/festivalbucles.com\/wp-content\/uploads\/2024\/03\/logo-inestable-480x323.jpeg 480w\" sizes=\"(max-width: 600px) 100vw, 600px\" \/><\/figure>\n<\/div>\n<\/div>\n\n<h2 class=\"wp-block-heading\">1. Presentaci\u00f3<\/h2>\n\n<p class=\"wp-block-paragraph\"><strong>Graners de Creaci\u00f3 Bucles \u00ac Inestable,<br\/><\/strong>\u00e9s un projecte de suport a la creaci\u00f3 en el qual el Festival Bucles i l&#8217;espai de creaci\u00f3 i exhibici\u00f3 Inestable, cuidaran a les creadores, i els seus processos creatius, dotant-los d&#8217;un espai de resid\u00e8ncia, una dotaci\u00f3 econ\u00f2mica i una dotaci\u00f3 d&#8217;un marc d&#8217;exhibici\u00f3 (un festival de dansa).<br\/><\/p>\n\n<p class=\"wp-block-paragraph\">La finalitat d&#8217;esta convocat\u00f2ria t\u00e9 per objecte l&#8217;afavorir la capacitat de creaci\u00f3, oferint suport i compartint experi\u00e8ncies i recursos entre una dona creadora, un espai de representaci\u00f3 i un festival de dansa<br\/><\/p>\n\n<p class=\"wp-block-paragraph\">Esta convocat\u00f2ria est\u00e0 dirigida \u00fanicament a creadores dones valencianes que desenrotllen des de fa ja anys la seua activitat, principalment en altres pa\u00efsos; i a artistes valencianes emergents que encara no han tingut visibilitat en circuits oficials de dansa i moviment, i s\u00f3n susceptibles de migrar a altres pa\u00efsos pr\u00f2ximament.<br\/><\/p>\n\n<p class=\"wp-block-paragraph\">El suport econ\u00f2mic ser\u00e0 de 6.000 \u20ac m\u00e9s impostos, comptar\u00e0 a m\u00e9s d&#8217;assessorament personalitzat, formaci\u00f3, mediaci\u00f3 i comunicaci\u00f3 conjunta, i estar\u00e0 en resid\u00e8ncia dins del programa <strong>Graners de Creaci\u00f3 Bucles \u00ac Inestable.<\/strong><br\/><\/p>\n\n<p class=\"wp-block-paragraph\">La resid\u00e8ncia tindr\u00e0 les mateixes condicions que les resid\u00e8ncies de Graners 2023-2025, i podr\u00e0 optar a desenrotllar una resid\u00e8ncia rural, estatal i internacional dins de la xarxa de socis del programa de resid\u00e8ncies Graners de Creaci\u00f3.<br\/><\/p>\n\n<p class=\"wp-block-paragraph\">La resid\u00e8ncia de creaci\u00f3 s&#8217;oferir\u00e0 entre les dates de l&#8217;<strong>1 de maig fins al 29 de setembre,<\/strong> per un termini de temps a determinar entre la creadora i Inestable.<br\/><\/p>\n\n<p class=\"wp-block-paragraph\">La resid\u00e8ncia t\u00e8cnica ser\u00e0 durant els dies <strong>del 30 de setembre al 2 d&#8217;octubre de 2024.<\/strong><br\/><\/p>\n\n<p class=\"wp-block-paragraph\">La data de l<strong>&#8216;estrena i funcions s\u00f3n del 3 al 6 d&#8217;octubre de 2024.<\/strong><\/p>\n\n<h2 class=\"wp-block-heading\">2. Requisits per a participar<\/h2>\n\n<ul class=\"wp-block-list\">\n<li>Ser creadora valenciana pr\u00f2xima a la idea treballada en el Cicle *Migrats *Dansa i que estiga desenrotllant el seu treball fora de la Comunitat Valenciana.<\/li>\n\n\n\n<li>Ser creadora valenciana emergent que encara no han tingut visibilitat en circuits oficials i \u00e9s susceptibles de migrar a altres pa\u00efsos en els pr\u00f2xims anys.<\/li>\n\n\n\n<li>Tindre menys de 35 anys i m\u00e9s de 18 anys.<\/li>\n\n\n\n<li>Capacitat de facturaci\u00f3 i compliment de les obligacions laborals i fiscals que corresponguen.<\/li>\n<\/ul>\n\n<h2 class=\"wp-block-heading\">3. Criteris de Valoraci\u00f3<\/h2>\n\n<ul class=\"wp-block-list\">\n<li>Propostes de dansa, cos, moviment<\/li>\n\n\n\n<li>Originalitat i innovaci\u00f3 en l&#8217;\u00fas de diferents formats i nous llenguatges<\/li>\n\n\n\n<li>Converg\u00e8ncies interdisciplin\u00e0ries<\/li>\n\n\n\n<li>Qualitat art\u00edstica<\/li>\n\n\n\n<li>Qualitat interpretativa<\/li>\n\n\n\n<li>Posada en escena<\/li>\n<\/ul>\n\n<h2 class=\"wp-block-heading\">4. Selecci\u00f3 de les residents<\/h2>\n\n<ul class=\"wp-block-list\">\n<li>Nom i contacte de la companyia\/creadora<\/li>\n\n\n\n<li>Curr\u00edculum de la companyia\/creadora i tamb\u00e9 dels integrants de la proposta<\/li>\n\n\n\n<li>Dossier de la proposta: t\u00edtol, descripci\u00f3, objectius i metodologia del projecte, equip art\u00edstic que el compon, a quin p\u00fablic est\u00e0 dirigit<\/li>\n\n\n\n<li>Refer\u00e8ncies d&#8217;altres treballs realitzats<\/li>\n<\/ul>\n\n<p class=\"wp-block-paragraph\"><strong>Enviar tota esta documentaci\u00f3 abans del 7 d&#8217;abril incl\u00f2s<\/strong><br\/>ASSUMPTE: GRANERS DE CREACI\u00d3 BUCLES \u00ac INESTABLE<br\/>info@festivalbucles.com<\/p>\n\n<h2 class=\"wp-block-heading\">5. Termini de Presentaci\u00f3<\/h2>\n\n<p class=\"wp-block-paragraph\">El termini de la present convocat\u00f2ria s&#8217;inicia amb la publicaci\u00f3 d&#8217;estes bases, el dia 13 de mar\u00e7 i finalitza el 7 d&#8217;abril de 2024, els dos inclosos.<\/p>\n\n<div style=\"height:100px\" aria-hidden=\"true\" class=\"wp-block-spacer\"><\/div>\n","protected":false},"excerpt":{"rendered":"<p>1. Presentaci\u00f3 Graners de Creaci\u00f3 Bucles \u00ac Inestable,\u00e9s un projecte de suport a la creaci\u00f3 en el qual el Festival Bucles i l&#8217;espai de creaci\u00f3 i exhibici\u00f3 Inestable, cuidaran a les creadores, i els seus processos creatius, dotant-los d&#8217;un espai de resid\u00e8ncia, una dotaci\u00f3 econ\u00f2mica i una dotaci\u00f3 d&#8217;un marc d&#8217;exhibici\u00f3 (un festival de dansa). [&hellip;]<\/p>\n","protected":false},"author":1,"featured_media":0,"comment_status":"closed","ping_status":"","sticky":false,"template":"","format":"standard","meta":{"footnotes":""},"categories":[7],"tags":[],"class_list":["post-20397","post","type-post","status-publish","format-standard","hentry","category-novetats"],"_links":{"self":[{"href":"https:\/\/festivalbucles.com\/vl\/wp-json\/wp\/v2\/posts\/20397","targetHints":{"allow":["GET"]}}],"collection":[{"href":"https:\/\/festivalbucles.com\/vl\/wp-json\/wp\/v2\/posts"}],"about":[{"href":"https:\/\/festivalbucles.com\/vl\/wp-json\/wp\/v2\/types\/post"}],"author":[{"embeddable":true,"href":"https:\/\/festivalbucles.com\/vl\/wp-json\/wp\/v2\/users\/1"}],"replies":[{"embeddable":true,"href":"https:\/\/festivalbucles.com\/vl\/wp-json\/wp\/v2\/comments?post=20397"}],"version-history":[{"count":0,"href":"https:\/\/festivalbucles.com\/vl\/wp-json\/wp\/v2\/posts\/20397\/revisions"}],"wp:attachment":[{"href":"https:\/\/festivalbucles.com\/vl\/wp-json\/wp\/v2\/media?parent=20397"}],"wp:term":[{"taxonomy":"category","embeddable":true,"href":"https:\/\/festivalbucles.com\/vl\/wp-json\/wp\/v2\/categories?post=20397"},{"taxonomy":"post_tag","embeddable":true,"href":"https:\/\/festivalbucles.com\/vl\/wp-json\/wp\/v2\/tags?post=20397"}],"curies":[{"name":"wp","href":"https:\/\/api.w.org\/{rel}","templated":true}]}}